{"id":6302,"date":"2023-06-04T08:48:58","date_gmt":"2023-06-04T06:48:58","guid":{"rendered":"https:\/\/martinlos.nl\/mijnblog\/?p=6302"},"modified":"2023-06-04T08:49:00","modified_gmt":"2023-06-04T06:49:00","slug":"homilie-op-het-hoogfeest-van-de-heilige-drieenheid-4-juni-2023-tiel","status":"publish","type":"post","link":"https:\/\/martinlos.nl\/mijnblog\/homilie-op-het-hoogfeest-van-de-heilige-drieenheid-4-juni-2023-tiel\/","title":{"rendered":"Homilie op het hoogfeest van de Heilige Drieenheid 4 juni 2023 Tiel"},"content":{"rendered":"\n<p>Dierbare zusters en broeders, voor iedereen die in de katholieke traditie staat, is bijna niets zo vertrouwd als de Heilige Drieeenheid. Elke keer dat we een kruisteken maken zeggen we in stilte \u201cin de naam van de Vader, de Zoon en de Heilige Geest\u201d. Ook elke eucharistie en andere offici\u00eble kerkelijk vieringen beginnen en eindigen we met \u201cIn de naam van de Vader, de Zoon en de Heilige Geest\u201d.<br>In de Bijbel horen we Jezus zelf zeggen tot zijn leerlingen bij zijn hemelvaart: \u201cGa, maak alle volkeren tot mijn leerlingen en doopt hen in de naam van de Vader, de Zoon en de Heilige Geest\u201d. We zijn z\u00e9lf gedoopt \u201cin de naam van de Vader, de Zoon en de Heilige Geest\u201d. Door die woorden en door de overgieting met het water zijn we opnieuw geboren tot kinderen van God. Het staat onuitwisbaar op onze voorhoofden geschreven met zijn handtekening: in de naam van God als Vader, Zoon en Heilige Geest.<br>In het afgelopen half jaar hebben we de feesten gevierd van Kerstmis, Pasen en Pinksteren. We vierden de grote daden van God te weten de menswording van Gods Zoon, zijn dood en verrijzenis en de hemelvaart en de uitstorting van de Heilige Geest. Na deze feesten gaan we niet over tot de orde van de gewone zondagen door het jaar. Nee, we danken op deze eerste zondag na Pinksteren onze God die zich aan ons heeft geopenbaard in zijn werken. We zijn eeuwig dankbaar dat wij de Drie\u00ebne God mogen kennen als de barmhartige God die Hij is.<br>Door de Schepping van de wereld, door zijn belofte aan de aartsvaders, door de profeten, door het Evangelie van Jezus Christus, door de overwinning op zonde en dood, door de belofte van zijn rijk en door de bijstand van de Heilige Geest.<br>Vanaf de vroege Middeleeuwen waren eigenlijke alle gewone zondagen na Pinksteren tot aan Advent gewijd aan de Heilige Drieeenheid, Uit dankbaarheid voor wat God als Vader, Zoon, en Heilige Geest heeft gedaan voor ons heil en de redding van de wereld.<br>Voor het Tweede Vaticaanse Concilie, nu zestig jaar geleden,\u00a0 dat grote vernieuwingen in de liturgie heeft aangebracht, met name een grotere variatie in de Schriftlezingen en gebeden door het jaar &#8211; voor dit Concilie was de prefatie van het eucharistische gebed elke zondag de prefatie van de Heilige Drieeenheid tot de Advent weer aanbrak. Lof en dank en heerlijkheid aan God, Vader, Zoon en Heilige Geest \u2013stond voorop in het kerkelijk, sociale en persoonlijke leven. Daarom werd deze eerste zondag na Pinksteren, deze eerste in de reeks van zondagen van de H. Drieeenheid uit geroepen tot Hoogfeest van de H. Drieenheid. Wij aanbidden \u00e9\u00e9n God, drie personen.<br>Het is heel belangrijk voor ons geloof dat we deze Drie\u00ebne God niet los zien van de Bijbelverhalen, als iets abstracts. Hoe God zich in de Bijbel openbaart zo is Hij ook in zichzelf, namelijk liefde, bron van liefde.\u00a0 Naar de mensen toe openbaart God zich evenzeer als liefdevol maar ook als barmhartig. Want als mensen beantwoorden wij de liefde van God niet altijd met wederliefde. Dat verandert Hem niet. Zijn liefde wordt barmhartigheid.<br>De eerste lezing herinnert eraan dat Mozes bij de sluiting van Gods verbond met zijn volk niet eenmaal maar tweemaal met de stenen tafels met de Tien Woorden van de berg was afgedaald 1). De eerste keer daalde Mozes vol vreugde de berg af. \u00a0Toen hij beneden kwam zag hij het volk rondom een gouden stierkalf dansen alsof ze zich op eigen kracht hadden bevrijd uit Egypte. Een vorm van populisme. Eigen volk eerst. Toornig had Mozes de stenen tafel tegen elkaar stuk geslagen. Het volk besefte dat het verkeerd gehandeld had en had spijt. Mozes ging vroeg in de morgen opnieuw de berg op. Toen trok God in een wolk aan Mozes voorbij met de proclamatie:<em> \u201cDe Heer is een barmhartige en medelijdende God, groot in liefde en trouw\u201d.<\/em> Vanwege deze openbaring van God viel Mozes op de knie\u00ebn en bad: &#8220;<em>ach Heer vergeef ons onze verkeerde daden en trek met ons mee&#8221;.<\/em> Gods barmhartigheid overwon.<br>Wij, mensen, hebben ook barmhartigheid nodig omdat we in eerste instantie niet altijd Gods liefde beantwoorden. Maar Hij geeft ons als we berouw hebben, steeds een nieuwe kans. Met de bedoeling dat we zo ook met elkaar handelen en elkaar vergeving schenken.<br>God heeft zich niet voorgoed van de wereld afgekeerd vanwege de zonden van de mensen. Hij is barmhartig en genadig. Daaraan herinnert Jezus de sympathieke Farizee\u00ebr Nikodemus die in het donker een bezoek brengt aan Jezus: <em>\u201cZozeer heeft God de wereld liefgehad dat Hij zijn eniggeboren Zoon heeft gegeven opdat alwie in Hem gelooft, niet verloren zal gaan maar eeuwig leven zal hebben<\/em>\u201d 2). Ook in deze woorden klinkt de eeuwige en onmetelijke barmhartigheid van God.<br>Hij is oneindige liefde maar die blijkt het meest uit zijn barmhartigheid, als mensen zich tot hem bekeren. Maar dan moeten we tegelijk ook barmhartig zijn in de omgang met elkaar.<br>Die oproep doet ook de apostel Paulus als hij schrijft aan zijn medechristenen in Korinthe: <em>\u201cbroeders en zusters, laat alles weer goed komen. Bewaart de vrede. En de God van liefde en vrede zal met u zijn\u201d<\/em> 3) En hij besluit zijn brief die gaat over de liefde en verzoening binnen de gemeenschap met de woorden die verwijzen naar de Drie\u00ebne God: <em>De genade van de Heer Jezus Christus, de liefde van God en de gemeenschap van de Heilige Geest zij met u allen\u201d.<\/em> Zo begint elke eucharistieviering.\u00a0 Wat mooi als we dat geloven en ook naar elkaar van harte waarmaken. Dan is ook onze barmhartigheid een openbaring van God. Dan zijn we ook kind-aan-huis bij de Drie\u00ebne\u00a0 God, Vader, Zoon en Heilige Geest, nu en in eeuwigheid. Amen<br><br>Martin Los, pr<br><br>1) Eerste lezing in de eucharistie van het feest: Exodus 34, 4b-6,8-9<br>2) Evangelielezing: Johannes 3:16-18<br>3) tweede lezing: 2 Korinti\u00ebrs 13:11-13<br>afbeelding: Heilige Drie-eenheid (Troitsa) Andrej Rubljov 1350-1430<\/p>\n\n\n\n<p><\/p>\n","protected":false},"excerpt":{"rendered":"<p>Dierbare zusters en broeders, voor iedereen die in de katholieke traditie staat, is bijna niets zo vertrouwd als de Heilige Drieeenheid. Elke keer dat we een kruisteken maken zeggen we in stilte \u201cin de naam van de Vader, de Zoon &hellip; <a href=\"https:\/\/martinlos.nl\/mijnblog\/homilie-op-het-hoogfeest-van-de-heilige-drieenheid-4-juni-2023-tiel\/\">Lees verder <span class=\"meta-nav\">&rarr;<\/span><\/a><\/p>\n","protected":false},"author":6,"featured_media":6306,"comment_status":"open","ping_status":"open","sticky":false,"template":"","format":"standard","meta":{"jetpack_post_was_ever_published":false,"_jetpack_newsletter_access":"","_jetpack_dont_email_post_to_subs":false,"_jetpack_newsletter_tier_id":0,"_jetpack_memberships_contains_paywalled_content":false,"_jetpack_memberships_contains_paid_content":false,"footnotes":"","jetpack_publicize_message":"","jetpack_publicize_feature_enabled":false,"jetpack_social_post_already_shared":false,"jetpack_social_options":{"image_generator_settings":{"template":"highway","default_image_id":0,"font":"","enabled":false},"version":2}},"categories":[3095],"tags":[3333,59,3334,3337,3332,1839,3331,1096,3336,3338,3339,3335],"class_list":["post-6302","post","type-post","status-publish","format-standard","has-post-thumbnail","hentry","category-preken-2023","tag-barmhartige-god","tag-barmhartigheid","tag-gewone-zondagen","tag-h-drieeenheid","tag-handtekening","tag-katholieke-traditie","tag-kruisteken","tag-nikodemus","tag-prefatie","tag-stenen-tafels","tag-stierkalf","tag-tweede-vaticaanse-concilie"],"yoast_head":"<!-- This site is optimized with the Yoast SEO plugin v27.5 - https:\/\/yoast.com\/product\/yoast-seo-wordpress\/ -->\n<title>Homilie op het hoogfeest van de Heilige Drieenheid 4 juni 2023 Tiel - Gedachten lezen<\/title>\n<meta name=\"robots\" content=\"index, follow, max-snippet:-1, max-image-preview:large, max-video-preview:-1\" \/>\n<link rel=\"canonical\" href=\"https:\/\/martinlos.nl\/mijnblog\/homilie-op-het-hoogfeest-van-de-heilige-drieenheid-4-juni-2023-tiel\/\" \/>\n<meta property=\"og:locale\" content=\"nl_NL\" \/>\n<meta property=\"og:type\" content=\"article\" \/>\n<meta property=\"og:title\" content=\"Homilie op het hoogfeest van de Heilige Drieenheid 4 juni 2023 Tiel - Gedachten lezen\" \/>\n<meta property=\"og:description\" content=\"Dierbare zusters en broeders, voor iedereen die in de katholieke traditie staat, is bijna niets zo vertrouwd als de Heilige Drieeenheid. Elke keer dat we een kruisteken maken zeggen we in stilte \u201cin de naam van de Vader, de Zoon &hellip; Lees verder &rarr;\" \/>\n<meta property=\"og:url\" content=\"https:\/\/martinlos.nl\/mijnblog\/homilie-op-het-hoogfeest-van-de-heilige-drieenheid-4-juni-2023-tiel\/\" \/>\n<meta property=\"og:site_name\" content=\"Gedachten lezen\" \/>\n<meta property=\"article:publisher\" content=\"https:\/\/www.facebook.com\/pastoor.los?epa=SEARCH_BOX\" \/>\n<meta property=\"article:author\" content=\"https:\/\/www.facebook.com\/pastoor.los?epa=SEARCH_BOX\" \/>\n<meta property=\"article:published_time\" content=\"2023-06-04T06:48:58+00:00\" \/>\n<meta property=\"article:modified_time\" content=\"2023-06-04T06:49:00+00:00\" \/>\n<meta property=\"og:image\" content=\"https:\/\/martinlos.nl\/mijnblog\/wp-content\/uploads\/2023\/06\/Heilige-Drieeenhei.webp\" \/>\n\t<meta property=\"og:image:width\" content=\"390\" \/>\n\t<meta property=\"og:image:height\" content=\"480\" \/>\n\t<meta property=\"og:image:type\" content=\"image\/webp\" \/>\n<meta name=\"author\" content=\"Martin Los\" \/>\n<meta name=\"twitter:card\" content=\"summary_large_image\" \/>\n<meta name=\"twitter:creator\" content=\"@martinuslos\" \/>\n<meta name=\"twitter:site\" content=\"@martinuslos\" \/>\n<meta name=\"twitter:label1\" content=\"Geschreven door\" \/>\n\t<meta name=\"twitter:data1\" content=\"Martin Los\" \/>\n\t<meta name=\"twitter:label2\" content=\"Geschatte leestijd\" \/>\n\t<meta name=\"twitter:data2\" content=\"5 minuten\" \/>\n<script type=\"application\/ld+json\" class=\"yoast-schema-graph\">{\"@context\":\"https:\\\/\\\/schema.org\",\"@graph\":[{\"@type\":\"Article\",\"@id\":\"https:\\\/\\\/martinlos.nl\\\/mijnblog\\\/homilie-op-het-hoogfeest-van-de-heilige-drieenheid-4-juni-2023-tiel\\\/#article\",\"isPartOf\":{\"@id\":\"https:\\\/\\\/martinlos.nl\\\/mijnblog\\\/homilie-op-het-hoogfeest-van-de-heilige-drieenheid-4-juni-2023-tiel\\\/\"},\"author\":{\"name\":\"Martin Los\",\"@id\":\"https:\\\/\\\/martinlos.nl\\\/mijnblog\\\/#\\\/schema\\\/person\\\/0b9eabadc0b9b19a5db60fdfacd43a47\"},\"headline\":\"Homilie op het hoogfeest van de Heilige Drieenheid 4 juni 2023 Tiel\",\"datePublished\":\"2023-06-04T06:48:58+00:00\",\"dateModified\":\"2023-06-04T06:49:00+00:00\",\"mainEntityOfPage\":{\"@id\":\"https:\\\/\\\/martinlos.nl\\\/mijnblog\\\/homilie-op-het-hoogfeest-van-de-heilige-drieenheid-4-juni-2023-tiel\\\/\"},\"wordCount\":1001,\"commentCount\":1,\"publisher\":{\"@id\":\"https:\\\/\\\/martinlos.nl\\\/mijnblog\\\/#\\\/schema\\\/person\\\/0b9eabadc0b9b19a5db60fdfacd43a47\"},\"image\":{\"@id\":\"https:\\\/\\\/martinlos.nl\\\/mijnblog\\\/homilie-op-het-hoogfeest-van-de-heilige-drieenheid-4-juni-2023-tiel\\\/#primaryimage\"},\"thumbnailUrl\":\"https:\\\/\\\/i0.wp.com\\\/martinlos.nl\\\/mijnblog\\\/wp-content\\\/uploads\\\/2023\\\/06\\\/Heilige-Drieeenhei.webp?fit=390%2C480&ssl=1\",\"keywords\":[\"barmhartige God\",\"barmhartigheid\",\"gewone zondagen\",\"H. Drieeenheid\",\"handtekening\",\"katholieke traditie\",\"kruisteken\",\"Nikodemus\",\"prefatie\",\"stenen tafels\",\"stierkalf\",\"Tweede Vaticaanse Concilie\"],\"articleSection\":[\"preken 2023\"],\"inLanguage\":\"nl-NL\",\"potentialAction\":[{\"@type\":\"CommentAction\",\"name\":\"Comment\",\"target\":[\"https:\\\/\\\/martinlos.nl\\\/mijnblog\\\/homilie-op-het-hoogfeest-van-de-heilige-drieenheid-4-juni-2023-tiel\\\/#respond\"]}]},{\"@type\":\"WebPage\",\"@id\":\"https:\\\/\\\/martinlos.nl\\\/mijnblog\\\/homilie-op-het-hoogfeest-van-de-heilige-drieenheid-4-juni-2023-tiel\\\/\",\"url\":\"https:\\\/\\\/martinlos.nl\\\/mijnblog\\\/homilie-op-het-hoogfeest-van-de-heilige-drieenheid-4-juni-2023-tiel\\\/\",\"name\":\"Homilie op het hoogfeest van de Heilige Drieenheid 4 juni 2023 Tiel - Gedachten lezen\",\"isPartOf\":{\"@id\":\"https:\\\/\\\/martinlos.nl\\\/mijnblog\\\/#website\"},\"primaryImageOfPage\":{\"@id\":\"https:\\\/\\\/martinlos.nl\\\/mijnblog\\\/homilie-op-het-hoogfeest-van-de-heilige-drieenheid-4-juni-2023-tiel\\\/#primaryimage\"},\"image\":{\"@id\":\"https:\\\/\\\/martinlos.nl\\\/mijnblog\\\/homilie-op-het-hoogfeest-van-de-heilige-drieenheid-4-juni-2023-tiel\\\/#primaryimage\"},\"thumbnailUrl\":\"https:\\\/\\\/i0.wp.com\\\/martinlos.nl\\\/mijnblog\\\/wp-content\\\/uploads\\\/2023\\\/06\\\/Heilige-Drieeenhei.webp?fit=390%2C480&ssl=1\",\"datePublished\":\"2023-06-04T06:48:58+00:00\",\"dateModified\":\"2023-06-04T06:49:00+00:00\",\"breadcrumb\":{\"@id\":\"https:\\\/\\\/martinlos.nl\\\/mijnblog\\\/homilie-op-het-hoogfeest-van-de-heilige-drieenheid-4-juni-2023-tiel\\\/#breadcrumb\"},\"inLanguage\":\"nl-NL\",\"potentialAction\":[{\"@type\":\"ReadAction\",\"target\":[\"https:\\\/\\\/martinlos.nl\\\/mijnblog\\\/homilie-op-het-hoogfeest-van-de-heilige-drieenheid-4-juni-2023-tiel\\\/\"]}]},{\"@type\":\"ImageObject\",\"inLanguage\":\"nl-NL\",\"@id\":\"https:\\\/\\\/martinlos.nl\\\/mijnblog\\\/homilie-op-het-hoogfeest-van-de-heilige-drieenheid-4-juni-2023-tiel\\\/#primaryimage\",\"url\":\"https:\\\/\\\/i0.wp.com\\\/martinlos.nl\\\/mijnblog\\\/wp-content\\\/uploads\\\/2023\\\/06\\\/Heilige-Drieeenhei.webp?fit=390%2C480&ssl=1\",\"contentUrl\":\"https:\\\/\\\/i0.wp.com\\\/martinlos.nl\\\/mijnblog\\\/wp-content\\\/uploads\\\/2023\\\/06\\\/Heilige-Drieeenhei.webp?fit=390%2C480&ssl=1\",\"width\":390,\"height\":480},{\"@type\":\"BreadcrumbList\",\"@id\":\"https:\\\/\\\/martinlos.nl\\\/mijnblog\\\/homilie-op-het-hoogfeest-van-de-heilige-drieenheid-4-juni-2023-tiel\\\/#breadcrumb\",\"itemListElement\":[{\"@type\":\"ListItem\",\"position\":1,\"name\":\"Home\",\"item\":\"https:\\\/\\\/martinlos.nl\\\/mijnblog\\\/\"},{\"@type\":\"ListItem\",\"position\":2,\"name\":\"Homilie op het hoogfeest van de Heilige Drieenheid 4 juni 2023 Tiel\"}]},{\"@type\":\"WebSite\",\"@id\":\"https:\\\/\\\/martinlos.nl\\\/mijnblog\\\/#website\",\"url\":\"https:\\\/\\\/martinlos.nl\\\/mijnblog\\\/\",\"name\":\"Gedachten lezen\",\"description\":\"Persoonlijk Blog van Martin Los pr.\",\"publisher\":{\"@id\":\"https:\\\/\\\/martinlos.nl\\\/mijnblog\\\/#\\\/schema\\\/person\\\/0b9eabadc0b9b19a5db60fdfacd43a47\"},\"potentialAction\":[{\"@type\":\"SearchAction\",\"target\":{\"@type\":\"EntryPoint\",\"urlTemplate\":\"https:\\\/\\\/martinlos.nl\\\/mijnblog\\\/?s={search_term_string}\"},\"query-input\":{\"@type\":\"PropertyValueSpecification\",\"valueRequired\":true,\"valueName\":\"search_term_string\"}}],\"inLanguage\":\"nl-NL\"},{\"@type\":[\"Person\",\"Organization\"],\"@id\":\"https:\\\/\\\/martinlos.nl\\\/mijnblog\\\/#\\\/schema\\\/person\\\/0b9eabadc0b9b19a5db60fdfacd43a47\",\"name\":\"Martin Los\",\"logo\":{\"@id\":\"https:\\\/\\\/martinlos.nl\\\/mijnblog\\\/#\\\/schema\\\/person\\\/image\\\/\"},\"sameAs\":[\"http:\\\/\\\/martinlos.nl\\\/mijnblog\",\"https:\\\/\\\/www.facebook.com\\\/pastoor.los?epa=SEARCH_BOX\",\"https:\\\/\\\/x.com\\\/martinuslos\"],\"url\":\"https:\\\/\\\/martinlos.nl\\\/mijnblog\\\/author\\\/mlos25pr\\\/\"}]}<\/script>\n<!-- \/ Yoast SEO plugin. -->","yoast_head_json":{"title":"Homilie op het hoogfeest van de Heilige Drieenheid 4 juni 2023 Tiel - Gedachten lezen","robots":{"index":"index","follow":"follow","max-snippet":"max-snippet:-1","max-image-preview":"max-image-preview:large","max-video-preview":"max-video-preview:-1"},"canonical":"https:\/\/martinlos.nl\/mijnblog\/homilie-op-het-hoogfeest-van-de-heilige-drieenheid-4-juni-2023-tiel\/","og_locale":"nl_NL","og_type":"article","og_title":"Homilie op het hoogfeest van de Heilige Drieenheid 4 juni 2023 Tiel - Gedachten lezen","og_description":"Dierbare zusters en broeders, voor iedereen die in de katholieke traditie staat, is bijna niets zo vertrouwd als de Heilige Drieeenheid. Elke keer dat we een kruisteken maken zeggen we in stilte \u201cin de naam van de Vader, de Zoon &hellip; Lees verder &rarr;","og_url":"https:\/\/martinlos.nl\/mijnblog\/homilie-op-het-hoogfeest-van-de-heilige-drieenheid-4-juni-2023-tiel\/","og_site_name":"Gedachten lezen","article_publisher":"https:\/\/www.facebook.com\/pastoor.los?epa=SEARCH_BOX","article_author":"https:\/\/www.facebook.com\/pastoor.los?epa=SEARCH_BOX","article_published_time":"2023-06-04T06:48:58+00:00","article_modified_time":"2023-06-04T06:49:00+00:00","og_image":[{"width":390,"height":480,"url":"https:\/\/martinlos.nl\/mijnblog\/wp-content\/uploads\/2023\/06\/Heilige-Drieeenhei.webp","type":"image\/webp"}],"author":"Martin Los","twitter_card":"summary_large_image","twitter_creator":"@martinuslos","twitter_site":"@martinuslos","twitter_misc":{"Geschreven door":"Martin Los","Geschatte leestijd":"5 minuten"},"schema":{"@context":"https:\/\/schema.org","@graph":[{"@type":"Article","@id":"https:\/\/martinlos.nl\/mijnblog\/homilie-op-het-hoogfeest-van-de-heilige-drieenheid-4-juni-2023-tiel\/#article","isPartOf":{"@id":"https:\/\/martinlos.nl\/mijnblog\/homilie-op-het-hoogfeest-van-de-heilige-drieenheid-4-juni-2023-tiel\/"},"author":{"name":"Martin Los","@id":"https:\/\/martinlos.nl\/mijnblog\/#\/schema\/person\/0b9eabadc0b9b19a5db60fdfacd43a47"},"headline":"Homilie op het hoogfeest van de Heilige Drieenheid 4 juni 2023 Tiel","datePublished":"2023-06-04T06:48:58+00:00","dateModified":"2023-06-04T06:49:00+00:00","mainEntityOfPage":{"@id":"https:\/\/martinlos.nl\/mijnblog\/homilie-op-het-hoogfeest-van-de-heilige-drieenheid-4-juni-2023-tiel\/"},"wordCount":1001,"commentCount":1,"publisher":{"@id":"https:\/\/martinlos.nl\/mijnblog\/#\/schema\/person\/0b9eabadc0b9b19a5db60fdfacd43a47"},"image":{"@id":"https:\/\/martinlos.nl\/mijnblog\/homilie-op-het-hoogfeest-van-de-heilige-drieenheid-4-juni-2023-tiel\/#primaryimage"},"thumbnailUrl":"https:\/\/i0.wp.com\/martinlos.nl\/mijnblog\/wp-content\/uploads\/2023\/06\/Heilige-Drieeenhei.webp?fit=390%2C480&ssl=1","keywords":["barmhartige God","barmhartigheid","gewone zondagen","H. Drieeenheid","handtekening","katholieke traditie","kruisteken","Nikodemus","prefatie","stenen tafels","stierkalf","Tweede Vaticaanse Concilie"],"articleSection":["preken 2023"],"inLanguage":"nl-NL","potentialAction":[{"@type":"CommentAction","name":"Comment","target":["https:\/\/martinlos.nl\/mijnblog\/homilie-op-het-hoogfeest-van-de-heilige-drieenheid-4-juni-2023-tiel\/#respond"]}]},{"@type":"WebPage","@id":"https:\/\/martinlos.nl\/mijnblog\/homilie-op-het-hoogfeest-van-de-heilige-drieenheid-4-juni-2023-tiel\/","url":"https:\/\/martinlos.nl\/mijnblog\/homilie-op-het-hoogfeest-van-de-heilige-drieenheid-4-juni-2023-tiel\/","name":"Homilie op het hoogfeest van de Heilige Drieenheid 4 juni 2023 Tiel - Gedachten lezen","isPartOf":{"@id":"https:\/\/martinlos.nl\/mijnblog\/#website"},"primaryImageOfPage":{"@id":"https:\/\/martinlos.nl\/mijnblog\/homilie-op-het-hoogfeest-van-de-heilige-drieenheid-4-juni-2023-tiel\/#primaryimage"},"image":{"@id":"https:\/\/martinlos.nl\/mijnblog\/homilie-op-het-hoogfeest-van-de-heilige-drieenheid-4-juni-2023-tiel\/#primaryimage"},"thumbnailUrl":"https:\/\/i0.wp.com\/martinlos.nl\/mijnblog\/wp-content\/uploads\/2023\/06\/Heilige-Drieeenhei.webp?fit=390%2C480&ssl=1","datePublished":"2023-06-04T06:48:58+00:00","dateModified":"2023-06-04T06:49:00+00:00","breadcrumb":{"@id":"https:\/\/martinlos.nl\/mijnblog\/homilie-op-het-hoogfeest-van-de-heilige-drieenheid-4-juni-2023-tiel\/#breadcrumb"},"inLanguage":"nl-NL","potentialAction":[{"@type":"ReadAction","target":["https:\/\/martinlos.nl\/mijnblog\/homilie-op-het-hoogfeest-van-de-heilige-drieenheid-4-juni-2023-tiel\/"]}]},{"@type":"ImageObject","inLanguage":"nl-NL","@id":"https:\/\/martinlos.nl\/mijnblog\/homilie-op-het-hoogfeest-van-de-heilige-drieenheid-4-juni-2023-tiel\/#primaryimage","url":"https:\/\/i0.wp.com\/martinlos.nl\/mijnblog\/wp-content\/uploads\/2023\/06\/Heilige-Drieeenhei.webp?fit=390%2C480&ssl=1","contentUrl":"https:\/\/i0.wp.com\/martinlos.nl\/mijnblog\/wp-content\/uploads\/2023\/06\/Heilige-Drieeenhei.webp?fit=390%2C480&ssl=1","width":390,"height":480},{"@type":"BreadcrumbList","@id":"https:\/\/martinlos.nl\/mijnblog\/homilie-op-het-hoogfeest-van-de-heilige-drieenheid-4-juni-2023-tiel\/#breadcrumb","itemListElement":[{"@type":"ListItem","position":1,"name":"Home","item":"https:\/\/martinlos.nl\/mijnblog\/"},{"@type":"ListItem","position":2,"name":"Homilie op het hoogfeest van de Heilige Drieenheid 4 juni 2023 Tiel"}]},{"@type":"WebSite","@id":"https:\/\/martinlos.nl\/mijnblog\/#website","url":"https:\/\/martinlos.nl\/mijnblog\/","name":"Gedachten lezen","description":"Persoonlijk Blog van Martin Los pr.","publisher":{"@id":"https:\/\/martinlos.nl\/mijnblog\/#\/schema\/person\/0b9eabadc0b9b19a5db60fdfacd43a47"},"potentialAction":[{"@type":"SearchAction","target":{"@type":"EntryPoint","urlTemplate":"https:\/\/martinlos.nl\/mijnblog\/?s={search_term_string}"},"query-input":{"@type":"PropertyValueSpecification","valueRequired":true,"valueName":"search_term_string"}}],"inLanguage":"nl-NL"},{"@type":["Person","Organization"],"@id":"https:\/\/martinlos.nl\/mijnblog\/#\/schema\/person\/0b9eabadc0b9b19a5db60fdfacd43a47","name":"Martin Los","logo":{"@id":"https:\/\/martinlos.nl\/mijnblog\/#\/schema\/person\/image\/"},"sameAs":["http:\/\/martinlos.nl\/mijnblog","https:\/\/www.facebook.com\/pastoor.los?epa=SEARCH_BOX","https:\/\/x.com\/martinuslos"],"url":"https:\/\/martinlos.nl\/mijnblog\/author\/mlos25pr\/"}]}},"jetpack_publicize_connections":[],"jetpack_featured_media_url":"https:\/\/i0.wp.com\/martinlos.nl\/mijnblog\/wp-content\/uploads\/2023\/06\/Heilige-Drieeenhei.webp?fit=390%2C480&ssl=1","jetpack_sharing_enabled":true,"jetpack_shortlink":"https:\/\/wp.me\/p2OFiN-1DE","_links":{"self":[{"href":"https:\/\/martinlos.nl\/mijnblog\/wp-json\/wp\/v2\/posts\/6302","targetHints":{"allow":["GET"]}}],"collection":[{"href":"https:\/\/martinlos.nl\/mijnblog\/wp-json\/wp\/v2\/posts"}],"about":[{"href":"https:\/\/martinlos.nl\/mijnblog\/wp-json\/wp\/v2\/types\/post"}],"author":[{"embeddable":true,"href":"https:\/\/martinlos.nl\/mijnblog\/wp-json\/wp\/v2\/users\/6"}],"replies":[{"embeddable":true,"href":"https:\/\/martinlos.nl\/mijnblog\/wp-json\/wp\/v2\/comments?post=6302"}],"version-history":[{"count":6,"href":"https:\/\/martinlos.nl\/mijnblog\/wp-json\/wp\/v2\/posts\/6302\/revisions"}],"predecessor-version":[{"id":6309,"href":"https:\/\/martinlos.nl\/mijnblog\/wp-json\/wp\/v2\/posts\/6302\/revisions\/6309"}],"wp:featuredmedia":[{"embeddable":true,"href":"https:\/\/martinlos.nl\/mijnblog\/wp-json\/wp\/v2\/media\/6306"}],"wp:attachment":[{"href":"https:\/\/martinlos.nl\/mijnblog\/wp-json\/wp\/v2\/media?parent=6302"}],"wp:term":[{"taxonomy":"category","embeddable":true,"href":"https:\/\/martinlos.nl\/mijnblog\/wp-json\/wp\/v2\/categories?post=6302"},{"taxonomy":"post_tag","embeddable":true,"href":"https:\/\/martinlos.nl\/mijnblog\/wp-json\/wp\/v2\/tags?post=6302"}],"curies":[{"name":"wp","href":"https:\/\/api.w.org\/{rel}","templated":true}]}}